{"id":5429,"date":"2025-05-24T13:37:07","date_gmt":"2025-05-24T11:37:07","guid":{"rendered":"https:\/\/mieux-etre-dk.com\/?p=5429"},"modified":"2025-05-24T13:39:56","modified_gmt":"2025-05-24T11:39:56","slug":"mieux-etre-dk-fete-la-journee-du-bien-etre","status":"publish","type":"post","link":"https:\/\/mieux-etre-dk.com\/index.php\/2025\/05\/24\/mieux-etre-dk-fete-la-journee-du-bien-etre\/","title":{"rendered":"Mieux-\u00eatre-dk f\u00eate la journ\u00e9e du bien-\u00eatre"},"content":{"rendered":"<table style=\"border-collapse: collapse; width: 100%;\">\n<tbody>\n<tr>\n<td style=\"width: 100%;\"><a href=\"https:\/\/mieux-etre-dk.com\/index.php\/2025\/05\/24\/mieux-etre-dk-fete-la-journee-du-bien-etre\/journee-portes-ouvertes-1\/\" rel=\"attachment wp-att-5430\"><img loading=\"lazy\" decoding=\"async\" class=\"aligncenter size-medium wp-image-5430\" src=\"https:\/\/mieux-etre-dk.com\/wp-content\/uploads\/2025\/05\/Journee-Portes-Ouvertes-1-300x300.png\" alt=\"\" width=\"300\" height=\"300\" srcset=\"https:\/\/mieux-etre-dk.com\/wp-content\/uploads\/2025\/05\/Journee-Portes-Ouvertes-1-300x300.png 300w, https:\/\/mieux-etre-dk.com\/wp-content\/uploads\/2025\/05\/Journee-Portes-Ouvertes-1-1024x1024.png 1024w, https:\/\/mieux-etre-dk.com\/wp-content\/uploads\/2025\/05\/Journee-Portes-Ouvertes-1-150x150.png 150w, https:\/\/mieux-etre-dk.com\/wp-content\/uploads\/2025\/05\/Journee-Portes-Ouvertes-1-768x768.png 768w, https:\/\/mieux-etre-dk.com\/wp-content\/uploads\/2025\/05\/Journee-Portes-Ouvertes-1-75x75.png 75w, https:\/\/mieux-etre-dk.com\/wp-content\/uploads\/2025\/05\/Journee-Portes-Ouvertes-1.png 1080w\" sizes=\"auto, (max-width: 300px) 100vw, 300px\" \/><\/a><\/p>\n<h5>Et si tu prenais un moment rien que pour toi ?<\/h5>\n<p>Le <strong>samedi 10 juin 2025<\/strong>, \u00e0 l\u2019occasion de <strong>la Journ\u00e9e du Bien-\u00catre<\/strong>, je t\u2019ouvre les portes de mon cocon pour un apr\u00e8s-midi doux, simple, et peut-\u00eatre\u2026 r\u00e9v\u00e9lateur.<\/p>\n<p>Pas de rendez-vous, pas d\u2019obligation, juste toi, moi, un th\u00e9, et <strong>un espace bienveillant pour \u00e9changer, d\u00e9couvrir, ressentir<\/strong>.<\/p>\n<p>Tu te poses des questions sur ce que je propose ?<\/p>\n<p>Tu h\u00e9sites \u00e0 franchir le pas vers un massage bien-\u00eatre ou une d\u00e9marche de d\u00e9veloppement personnel ?<\/p>\n<p>Tu veux simplement te faire une id\u00e9e, sentir l\u2019\u00e9nergie du lieu, ou faire une pause dans ta journ\u00e9e ?<\/p>\n<p>Cette journ\u00e9e est faite pour \u00e7a.<\/p>\n<p>Tu pourras :<\/p>\n<p>\u2013 Me rencontrer en toute simplicit\u00e9<\/p>\n<p>\u2013 D\u00e9couvrir mes prestations : massages bien-\u00eatre, massage tantrique, soin sonore au bol tib\u00e9tain, ateliers de d\u00e9veloppement personnel<\/p>\n<p>\u2013 Poser toutes tes questions<\/p>\n<p>\u2013 T\u2019impr\u00e9gner de l\u2019ambiance<\/p>\n<p>\u2013 Et peut-\u00eatre, qui sait, repartir avec une envie d\u2019aller un peu plus loin\u2026<\/p>\n<p>Parfois, il suffit d\u2019une rencontre, d\u2019une ambiance, d\u2019un mot\u2026 pour ressentir qu\u2019on est au bon endroit.<\/p>\n<p>Je t\u2019attends <strong>le 10 juin, entre 14h et 18h, chez Mieux-\u00catre \u00e0 Dunkerque.<\/strong><\/p>\n<p>L\u2019entr\u00e9e est libre, les \u00e9changes sont simples, il y a aucune obligation d&rsquo;achat ou de prise de rendez-vous.<\/p>\n<p>Juste envie de partager un bon moment autour d&rsquo;une tasse de th\u00e9e ou d&rsquo;un caf\u00e9&#8230;<\/p>\n<p>Viens comme tu es. Je serai l\u00e0.<\/td>\n<\/tr>\n<\/tbody>\n<\/table>\n","protected":false},"excerpt":{"rendered":"<p>Et si tu prenais un moment rien que pour toi ? Le samedi 10 juin 2025, \u00e0 l\u2019occasion de la Journ\u00e9e du Bien-\u00catre, je t\u2019ouvre les portes de mon cocon pour un apr\u00e8s-midi doux, simple, et peut-\u00eatre\u2026 r\u00e9v\u00e9lateur. Pas de rendez-vous, pas d\u2019obligation, juste toi, moi, un th\u00e9, et un espace bienveillant pour \u00e9changer, d\u00e9couvrir, ressentir. Tu te poses des questions sur ce que je propose ? Tu h\u00e9sites \u00e0 franchir le pas vers un massage bien-\u00eatre ou une d\u00e9marche de d\u00e9veloppement personnel ? Tu veux simplement te faire une id\u00e9e, sentir l\u2019\u00e9nergie du lieu, ou faire une pause dans ta journ\u00e9e ? Cette journ\u00e9e est faite pour \u00e7a. Tu pourras : \u2013 Me rencontrer en toute simplicit\u00e9 \u2013 D\u00e9couvrir mes prestations : massages bien-\u00eatre, massage tantrique, soin sonore au bol tib\u00e9tain, ateliers de d\u00e9veloppement personnel \u2013 Poser toutes tes questions \u2013 T\u2019impr\u00e9gner de l\u2019ambiance \u2013 Et peut-\u00eatre, qui sait, repartir avec une envie d\u2019aller un peu plus loin\u2026 Parfois, il suffit d\u2019une rencontre, d\u2019une ambiance, d\u2019un mot\u2026 pour ressentir qu\u2019on est au bon endroit. Je t\u2019attends le 10 juin, entre 14h et 18h, chez Mieux-\u00catre \u00e0 Dunkerque. L\u2019entr\u00e9e est libre, les \u00e9changes sont simples, il y a aucune obligation d&rsquo;achat ou de prise de rendez-vous. Juste envie de partager un bon moment autour d&rsquo;une tasse de th\u00e9e ou d&rsquo;un caf\u00e9&#8230; Viens comme tu es. Je serai l\u00e0.<\/p>\n","protected":false},"author":1,"featured_media":0,"comment_status":"closed","ping_status":"closed","sticky":false,"template":"","format":"standard","meta":{"footnotes":""},"categories":[1],"tags":[],"class_list":["post-5429","post","type-post","status-publish","format-standard","hentry","category-mieux-etre"],"yoast_head":"<!-- This site is optimized with the Yoast SEO plugin v26.5 - https:\/\/yoast.com\/wordpress\/plugins\/seo\/ -->\n<title>Mieux-\u00eatre-dk f\u00eate la journ\u00e9e du bien-\u00eatre - MIEUX-\u00caTRE-DK<\/title>\n<meta name=\"description\" content=\"massage dunkerque\" \/>\n<meta name=\"robots\" content=\"index, follow, max-snippet:-1, max-image-preview:large, max-video-preview:-1\" \/>\n<link rel=\"canonical\" href=\"https:\/\/mieux-etre-dk.com\/index.php\/2025\/05\/24\/mieux-etre-dk-fete-la-journee-du-bien-etre\/\" \/>\n<meta property=\"og:locale\" content=\"fr_FR\" \/>\n<meta property=\"og:type\" content=\"article\" \/>\n<meta property=\"og:title\" content=\"Mieux-\u00eatre-dk f\u00eate la journ\u00e9e du bien-\u00eatre - MIEUX-\u00caTRE-DK\" \/>\n<meta property=\"og:description\" content=\"massage dunkerque\" \/>\n<meta property=\"og:url\" content=\"https:\/\/mieux-etre-dk.com\/index.php\/2025\/05\/24\/mieux-etre-dk-fete-la-journee-du-bien-etre\/\" \/>\n<meta property=\"og:site_name\" content=\"MIEUX-\u00caTRE-DK\" \/>\n<meta property=\"article:publisher\" content=\"https:\/\/www.facebook.com\/MieuxEtreDK\" \/>\n<meta property=\"article:published_time\" content=\"2025-05-24T11:37:07+00:00\" \/>\n<meta property=\"article:modified_time\" content=\"2025-05-24T11:39:56+00:00\" \/>\n<meta property=\"og:image\" content=\"https:\/\/mieux-etre-dk.com\/wp-content\/uploads\/2025\/05\/Journee-Portes-Ouvertes-1.png\" \/>\n\t<meta property=\"og:image:width\" content=\"1080\" \/>\n\t<meta property=\"og:image:height\" content=\"1080\" \/>\n\t<meta property=\"og:image:type\" content=\"image\/png\" \/>\n<meta name=\"author\" content=\"admin5376\" \/>\n<meta name=\"twitter:card\" content=\"summary_large_image\" \/>\n<meta name=\"twitter:label1\" content=\"\u00c9crit par\" \/>\n\t<meta name=\"twitter:data1\" content=\"admin5376\" \/>\n\t<meta name=\"twitter:label2\" content=\"Dur\u00e9e de lecture estim\u00e9e\" \/>\n\t<meta name=\"twitter:data2\" content=\"2 minutes\" \/>\n<script type=\"application\/ld+json\" class=\"yoast-schema-graph\">{\"@context\":\"https:\/\/schema.org\",\"@graph\":[{\"@type\":\"Article\",\"@id\":\"https:\/\/mieux-etre-dk.com\/index.php\/2025\/05\/24\/mieux-etre-dk-fete-la-journee-du-bien-etre\/#article\",\"isPartOf\":{\"@id\":\"https:\/\/mieux-etre-dk.com\/index.php\/2025\/05\/24\/mieux-etre-dk-fete-la-journee-du-bien-etre\/\"},\"author\":{\"name\":\"admin5376\",\"@id\":\"https:\/\/mieux-etre-dk.com\/#\/schema\/person\/75365c4341c3b2566436d632016a139b\"},\"headline\":\"Mieux-\u00eatre-dk f\u00eate la journ\u00e9e du bien-\u00eatre\",\"datePublished\":\"2025-05-24T11:37:07+00:00\",\"dateModified\":\"2025-05-24T11:39:56+00:00\",\"mainEntityOfPage\":{\"@id\":\"https:\/\/mieux-etre-dk.com\/index.php\/2025\/05\/24\/mieux-etre-dk-fete-la-journee-du-bien-etre\/\"},\"wordCount\":260,\"publisher\":{\"@id\":\"https:\/\/mieux-etre-dk.com\/#organization\"},\"image\":{\"@id\":\"https:\/\/mieux-etre-dk.com\/index.php\/2025\/05\/24\/mieux-etre-dk-fete-la-journee-du-bien-etre\/#primaryimage\"},\"thumbnailUrl\":\"https:\/\/mieux-etre-dk.com\/wp-content\/uploads\/2025\/05\/Journee-Portes-Ouvertes-1-300x300.png\",\"articleSection\":[\"Mieux-\u00eatre\"],\"inLanguage\":\"fr-FR\"},{\"@type\":\"WebPage\",\"@id\":\"https:\/\/mieux-etre-dk.com\/index.php\/2025\/05\/24\/mieux-etre-dk-fete-la-journee-du-bien-etre\/\",\"url\":\"https:\/\/mieux-etre-dk.com\/index.php\/2025\/05\/24\/mieux-etre-dk-fete-la-journee-du-bien-etre\/\",\"name\":\"Mieux-\u00eatre-dk f\u00eate la journ\u00e9e du bien-\u00eatre - MIEUX-\u00caTRE-DK\",\"isPartOf\":{\"@id\":\"https:\/\/mieux-etre-dk.com\/#website\"},\"primaryImageOfPage\":{\"@id\":\"https:\/\/mieux-etre-dk.com\/index.php\/2025\/05\/24\/mieux-etre-dk-fete-la-journee-du-bien-etre\/#primaryimage\"},\"image\":{\"@id\":\"https:\/\/mieux-etre-dk.com\/index.php\/2025\/05\/24\/mieux-etre-dk-fete-la-journee-du-bien-etre\/#primaryimage\"},\"thumbnailUrl\":\"https:\/\/mieux-etre-dk.com\/wp-content\/uploads\/2025\/05\/Journee-Portes-Ouvertes-1-300x300.png\",\"datePublished\":\"2025-05-24T11:37:07+00:00\",\"dateModified\":\"2025-05-24T11:39:56+00:00\",\"description\":\"massage dunkerque\",\"breadcrumb\":{\"@id\":\"https:\/\/mieux-etre-dk.com\/index.php\/2025\/05\/24\/mieux-etre-dk-fete-la-journee-du-bien-etre\/#breadcrumb\"},\"inLanguage\":\"fr-FR\",\"potentialAction\":[{\"@type\":\"ReadAction\",\"target\":[\"https:\/\/mieux-etre-dk.com\/index.php\/2025\/05\/24\/mieux-etre-dk-fete-la-journee-du-bien-etre\/\"]}]},{\"@type\":\"ImageObject\",\"inLanguage\":\"fr-FR\",\"@id\":\"https:\/\/mieux-etre-dk.com\/index.php\/2025\/05\/24\/mieux-etre-dk-fete-la-journee-du-bien-etre\/#primaryimage\",\"url\":\"https:\/\/mieux-etre-dk.com\/wp-content\/uploads\/2025\/05\/Journee-Portes-Ouvertes-1.png\",\"contentUrl\":\"https:\/\/mieux-etre-dk.com\/wp-content\/uploads\/2025\/05\/Journee-Portes-Ouvertes-1.png\",\"width\":1080,\"height\":1080},{\"@type\":\"BreadcrumbList\",\"@id\":\"https:\/\/mieux-etre-dk.com\/index.php\/2025\/05\/24\/mieux-etre-dk-fete-la-journee-du-bien-etre\/#breadcrumb\",\"itemListElement\":[{\"@type\":\"ListItem\",\"position\":1,\"name\":\"Accueil\",\"item\":\"https:\/\/mieux-etre-dk.com\/\"},{\"@type\":\"ListItem\",\"position\":2,\"name\":\"Mieux-\u00eatre-dk f\u00eate la journ\u00e9e du bien-\u00eatre\"}]},{\"@type\":\"WebSite\",\"@id\":\"https:\/\/mieux-etre-dk.com\/#website\",\"url\":\"https:\/\/mieux-etre-dk.com\/\",\"name\":\"MIEUX-\u00caTRE-DK\",\"description\":\"Au-del\u00e0 du bien-\u00eatre\",\"publisher\":{\"@id\":\"https:\/\/mieux-etre-dk.com\/#organization\"},\"potentialAction\":[{\"@type\":\"SearchAction\",\"target\":{\"@type\":\"EntryPoint\",\"urlTemplate\":\"https:\/\/mieux-etre-dk.com\/?s={search_term_string}\"},\"query-input\":{\"@type\":\"PropertyValueSpecification\",\"valueRequired\":true,\"valueName\":\"search_term_string\"}}],\"inLanguage\":\"fr-FR\"},{\"@type\":\"Organization\",\"@id\":\"https:\/\/mieux-etre-dk.com\/#organization\",\"name\":\"mieux-etre-dk\",\"url\":\"https:\/\/mieux-etre-dk.com\/\",\"logo\":{\"@type\":\"ImageObject\",\"inLanguage\":\"fr-FR\",\"@id\":\"https:\/\/mieux-etre-dk.com\/#\/schema\/logo\/image\/\",\"url\":\"https:\/\/mieux-etre-dk.com\/wp-content\/uploads\/2019\/06\/logo-mieux-\u00eatre-dk-massage-relaxation-detente-personnalis\u00e9-refelexologie-plantaire-lacher-prise-d\u00e9contractant-dunkerque.png\",\"contentUrl\":\"https:\/\/mieux-etre-dk.com\/wp-content\/uploads\/2019\/06\/logo-mieux-\u00eatre-dk-massage-relaxation-detente-personnalis\u00e9-refelexologie-plantaire-lacher-prise-d\u00e9contractant-dunkerque.png\",\"width\":500,\"height\":500,\"caption\":\"mieux-etre-dk\"},\"image\":{\"@id\":\"https:\/\/mieux-etre-dk.com\/#\/schema\/logo\/image\/\"},\"sameAs\":[\"https:\/\/www.facebook.com\/MieuxEtreDK\",\"https:\/\/www.instagram.com\/mieuxetredk\/\"]},{\"@type\":\"Person\",\"@id\":\"https:\/\/mieux-etre-dk.com\/#\/schema\/person\/75365c4341c3b2566436d632016a139b\",\"name\":\"admin5376\",\"image\":{\"@type\":\"ImageObject\",\"inLanguage\":\"fr-FR\",\"@id\":\"https:\/\/mieux-etre-dk.com\/#\/schema\/person\/image\/\",\"url\":\"https:\/\/secure.gravatar.com\/avatar\/b2cec51044013c8442e7be0c2d1a87a0307053f22111ace2c967890858b9a16e?s=96&d=mm&r=g\",\"contentUrl\":\"https:\/\/secure.gravatar.com\/avatar\/b2cec51044013c8442e7be0c2d1a87a0307053f22111ace2c967890858b9a16e?s=96&d=mm&r=g\",\"caption\":\"admin5376\"}}]}<\/script>\n<!-- \/ Yoast SEO plugin. -->","yoast_head_json":{"title":"Mieux-\u00eatre-dk f\u00eate la journ\u00e9e du bien-\u00eatre - MIEUX-\u00caTRE-DK","description":"massage dunkerque","robots":{"index":"index","follow":"follow","max-snippet":"max-snippet:-1","max-image-preview":"max-image-preview:large","max-video-preview":"max-video-preview:-1"},"canonical":"https:\/\/mieux-etre-dk.com\/index.php\/2025\/05\/24\/mieux-etre-dk-fete-la-journee-du-bien-etre\/","og_locale":"fr_FR","og_type":"article","og_title":"Mieux-\u00eatre-dk f\u00eate la journ\u00e9e du bien-\u00eatre - MIEUX-\u00caTRE-DK","og_description":"massage dunkerque","og_url":"https:\/\/mieux-etre-dk.com\/index.php\/2025\/05\/24\/mieux-etre-dk-fete-la-journee-du-bien-etre\/","og_site_name":"MIEUX-\u00caTRE-DK","article_publisher":"https:\/\/www.facebook.com\/MieuxEtreDK","article_published_time":"2025-05-24T11:37:07+00:00","article_modified_time":"2025-05-24T11:39:56+00:00","og_image":[{"width":1080,"height":1080,"url":"https:\/\/mieux-etre-dk.com\/wp-content\/uploads\/2025\/05\/Journee-Portes-Ouvertes-1.png","type":"image\/png"}],"author":"admin5376","twitter_card":"summary_large_image","twitter_misc":{"\u00c9crit par":"admin5376","Dur\u00e9e de lecture estim\u00e9e":"2 minutes"},"schema":{"@context":"https:\/\/schema.org","@graph":[{"@type":"Article","@id":"https:\/\/mieux-etre-dk.com\/index.php\/2025\/05\/24\/mieux-etre-dk-fete-la-journee-du-bien-etre\/#article","isPartOf":{"@id":"https:\/\/mieux-etre-dk.com\/index.php\/2025\/05\/24\/mieux-etre-dk-fete-la-journee-du-bien-etre\/"},"author":{"name":"admin5376","@id":"https:\/\/mieux-etre-dk.com\/#\/schema\/person\/75365c4341c3b2566436d632016a139b"},"headline":"Mieux-\u00eatre-dk f\u00eate la journ\u00e9e du bien-\u00eatre","datePublished":"2025-05-24T11:37:07+00:00","dateModified":"2025-05-24T11:39:56+00:00","mainEntityOfPage":{"@id":"https:\/\/mieux-etre-dk.com\/index.php\/2025\/05\/24\/mieux-etre-dk-fete-la-journee-du-bien-etre\/"},"wordCount":260,"publisher":{"@id":"https:\/\/mieux-etre-dk.com\/#organization"},"image":{"@id":"https:\/\/mieux-etre-dk.com\/index.php\/2025\/05\/24\/mieux-etre-dk-fete-la-journee-du-bien-etre\/#primaryimage"},"thumbnailUrl":"https:\/\/mieux-etre-dk.com\/wp-content\/uploads\/2025\/05\/Journee-Portes-Ouvertes-1-300x300.png","articleSection":["Mieux-\u00eatre"],"inLanguage":"fr-FR"},{"@type":"WebPage","@id":"https:\/\/mieux-etre-dk.com\/index.php\/2025\/05\/24\/mieux-etre-dk-fete-la-journee-du-bien-etre\/","url":"https:\/\/mieux-etre-dk.com\/index.php\/2025\/05\/24\/mieux-etre-dk-fete-la-journee-du-bien-etre\/","name":"Mieux-\u00eatre-dk f\u00eate la journ\u00e9e du bien-\u00eatre - MIEUX-\u00caTRE-DK","isPartOf":{"@id":"https:\/\/mieux-etre-dk.com\/#website"},"primaryImageOfPage":{"@id":"https:\/\/mieux-etre-dk.com\/index.php\/2025\/05\/24\/mieux-etre-dk-fete-la-journee-du-bien-etre\/#primaryimage"},"image":{"@id":"https:\/\/mieux-etre-dk.com\/index.php\/2025\/05\/24\/mieux-etre-dk-fete-la-journee-du-bien-etre\/#primaryimage"},"thumbnailUrl":"https:\/\/mieux-etre-dk.com\/wp-content\/uploads\/2025\/05\/Journee-Portes-Ouvertes-1-300x300.png","datePublished":"2025-05-24T11:37:07+00:00","dateModified":"2025-05-24T11:39:56+00:00","description":"massage dunkerque","breadcrumb":{"@id":"https:\/\/mieux-etre-dk.com\/index.php\/2025\/05\/24\/mieux-etre-dk-fete-la-journee-du-bien-etre\/#breadcrumb"},"inLanguage":"fr-FR","potentialAction":[{"@type":"ReadAction","target":["https:\/\/mieux-etre-dk.com\/index.php\/2025\/05\/24\/mieux-etre-dk-fete-la-journee-du-bien-etre\/"]}]},{"@type":"ImageObject","inLanguage":"fr-FR","@id":"https:\/\/mieux-etre-dk.com\/index.php\/2025\/05\/24\/mieux-etre-dk-fete-la-journee-du-bien-etre\/#primaryimage","url":"https:\/\/mieux-etre-dk.com\/wp-content\/uploads\/2025\/05\/Journee-Portes-Ouvertes-1.png","contentUrl":"https:\/\/mieux-etre-dk.com\/wp-content\/uploads\/2025\/05\/Journee-Portes-Ouvertes-1.png","width":1080,"height":1080},{"@type":"BreadcrumbList","@id":"https:\/\/mieux-etre-dk.com\/index.php\/2025\/05\/24\/mieux-etre-dk-fete-la-journee-du-bien-etre\/#breadcrumb","itemListElement":[{"@type":"ListItem","position":1,"name":"Accueil","item":"https:\/\/mieux-etre-dk.com\/"},{"@type":"ListItem","position":2,"name":"Mieux-\u00eatre-dk f\u00eate la journ\u00e9e du bien-\u00eatre"}]},{"@type":"WebSite","@id":"https:\/\/mieux-etre-dk.com\/#website","url":"https:\/\/mieux-etre-dk.com\/","name":"MIEUX-\u00caTRE-DK","description":"Au-del\u00e0 du bien-\u00eatre","publisher":{"@id":"https:\/\/mieux-etre-dk.com\/#organization"},"potentialAction":[{"@type":"SearchAction","target":{"@type":"EntryPoint","urlTemplate":"https:\/\/mieux-etre-dk.com\/?s={search_term_string}"},"query-input":{"@type":"PropertyValueSpecification","valueRequired":true,"valueName":"search_term_string"}}],"inLanguage":"fr-FR"},{"@type":"Organization","@id":"https:\/\/mieux-etre-dk.com\/#organization","name":"mieux-etre-dk","url":"https:\/\/mieux-etre-dk.com\/","logo":{"@type":"ImageObject","inLanguage":"fr-FR","@id":"https:\/\/mieux-etre-dk.com\/#\/schema\/logo\/image\/","url":"https:\/\/mieux-etre-dk.com\/wp-content\/uploads\/2019\/06\/logo-mieux-\u00eatre-dk-massage-relaxation-detente-personnalis\u00e9-refelexologie-plantaire-lacher-prise-d\u00e9contractant-dunkerque.png","contentUrl":"https:\/\/mieux-etre-dk.com\/wp-content\/uploads\/2019\/06\/logo-mieux-\u00eatre-dk-massage-relaxation-detente-personnalis\u00e9-refelexologie-plantaire-lacher-prise-d\u00e9contractant-dunkerque.png","width":500,"height":500,"caption":"mieux-etre-dk"},"image":{"@id":"https:\/\/mieux-etre-dk.com\/#\/schema\/logo\/image\/"},"sameAs":["https:\/\/www.facebook.com\/MieuxEtreDK","https:\/\/www.instagram.com\/mieuxetredk\/"]},{"@type":"Person","@id":"https:\/\/mieux-etre-dk.com\/#\/schema\/person\/75365c4341c3b2566436d632016a139b","name":"admin5376","image":{"@type":"ImageObject","inLanguage":"fr-FR","@id":"https:\/\/mieux-etre-dk.com\/#\/schema\/person\/image\/","url":"https:\/\/secure.gravatar.com\/avatar\/b2cec51044013c8442e7be0c2d1a87a0307053f22111ace2c967890858b9a16e?s=96&d=mm&r=g","contentUrl":"https:\/\/secure.gravatar.com\/avatar\/b2cec51044013c8442e7be0c2d1a87a0307053f22111ace2c967890858b9a16e?s=96&d=mm&r=g","caption":"admin5376"}}]}},"_links":{"self":[{"href":"https:\/\/mieux-etre-dk.com\/index.php\/wp-json\/wp\/v2\/posts\/5429","targetHints":{"allow":["GET"]}}],"collection":[{"href":"https:\/\/mieux-etre-dk.com\/index.php\/wp-json\/wp\/v2\/posts"}],"about":[{"href":"https:\/\/mieux-etre-dk.com\/index.php\/wp-json\/wp\/v2\/types\/post"}],"author":[{"embeddable":true,"href":"https:\/\/mieux-etre-dk.com\/index.php\/wp-json\/wp\/v2\/users\/1"}],"replies":[{"embeddable":true,"href":"https:\/\/mieux-etre-dk.com\/index.php\/wp-json\/wp\/v2\/comments?post=5429"}],"version-history":[{"count":4,"href":"https:\/\/mieux-etre-dk.com\/index.php\/wp-json\/wp\/v2\/posts\/5429\/revisions"}],"predecessor-version":[{"id":5434,"href":"https:\/\/mieux-etre-dk.com\/index.php\/wp-json\/wp\/v2\/posts\/5429\/revisions\/5434"}],"wp:attachment":[{"href":"https:\/\/mieux-etre-dk.com\/index.php\/wp-json\/wp\/v2\/media?parent=5429"}],"wp:term":[{"taxonomy":"category","embeddable":true,"href":"https:\/\/mieux-etre-dk.com\/index.php\/wp-json\/wp\/v2\/categories?post=5429"},{"taxonomy":"post_tag","embeddable":true,"href":"https:\/\/mieux-etre-dk.com\/index.php\/wp-json\/wp\/v2\/tags?post=5429"}],"curies":[{"name":"wp","href":"https:\/\/api.w.org\/{rel}","templated":true}]}}